{"id":1109,"date":"2018-09-05T21:04:56","date_gmt":"2018-09-05T21:04:56","guid":{"rendered":"http:\/\/www.marianisg.com.ar\/blog\/?p=1109"},"modified":"2018-09-05T21:08:28","modified_gmt":"2018-09-05T21:08:28","slug":"desayuno-revista-ocio-consejos-marca-personal","status":"publish","type":"post","link":"https:\/\/www.marianisg.com.ar\/blog\/2018\/09\/desayuno-revista-ocio-consejos-marca-personal\/","title":{"rendered":"Desayuno Revista Ocio &#8211; Marca Personal"},"content":{"rendered":"<p><b>Mariani SG presente en los Desayunos de OCIO \u00a0\u00a0\u00a0\u00a0<\/b><\/p>\n<p><span style=\"font-weight: 400;\">D\u00edas atr\u00e1s tuvo lugar un nuevo encuentro propiciado por la <a href=\"http:\/\/ocio.puntoapunto.com.ar\/\"><strong>Revista OCIO<\/strong><\/a>, un desayuno que reuni\u00f3 a mujeres emprendedoras y empresarias de la ciudad de C\u00f3rdoba. El desayuno estuvo encabezado por \u00a0Ma. Jos\u00e9 \u00abChech\u00e9\u00bb Caudana, editora de la revista OCIO y adem\u00e1s reconocida como periodista de espect\u00e1culos.<\/span><\/p>\n<p><span style=\"font-weight: 400;\">El evento, auspiciado por <strong>Mariani SG<\/strong>, fue un desayuno en el que <strong>Eugenia Vignetta<\/strong> habl\u00f3 para todas las invitadas sobre <strong>\u00abmarca personal\u00bb<\/strong>, \u00a0un tema m\u00e1s que importante para quienes est\u00e1n llevando adelante un emprendimiento o dirigiendo una marca.<\/span><\/p>\n<p><span style=\"font-weight: 400;\"><strong>\u00bfQu\u00e9 es la marca personal?,<\/strong> \u00bfc\u00f3mo podemos destacarnos entre tanta oferta?, \u00bfqu\u00e9 valores aporto? A partir preguntas como estas, Eugenia Vignetta desarroll\u00f3 conceptos para pensar c\u00f3mo mostrar lo que somos, c\u00f3mo aplicamos nuestros conocimientos, c\u00f3mo organizar lo que queremos decir combinando nuestras caracter\u00edsticas a trav\u00e9s de la marca personal.<\/span><\/p>\n<p><span style=\"font-weight: 400;\">M\u00faltiples herramientas y diferentes aspectos \u00a0(comunicaci\u00f3n, c\u00f3mo destacarme, c\u00f3mo contar mis valores) se canalizan a trav\u00e9s de la marca personal, una manera de organizar esa informaci\u00f3n que damos a los dem\u00e1s para que nos lean como queremos ser vistos, sin dar informaci\u00f3n confusa donde se mezcla lo personal con lo corporativo.<\/span><\/p>\n<p><span style=\"font-weight: 400;\">Esta organizaci\u00f3n es \u00fatil para saber que lo que estamos comunicando tiene un sentido, est\u00e1 alineado con nuestra propuesta de valor.<\/span><\/p>\n<p><span style=\"font-weight: 400;\">Existen tres fases en la construcci\u00f3n de la marca personal:<\/span><\/p>\n<ul>\n<li><span style=\"font-weight: 400;\"> \u00a0\u00a0\u00a0\u00a0\u00a0\u00a0\u00a0\u00a0<strong>Autoconocimiento:<\/strong> conocernos y comunicar desde nuestros valores; qu\u00e9 descartamos, con qu\u00e9 nos quedamos. Organizar el capital humano en cosas que sumen a nuestra propuesta;<\/span><\/li>\n<li><span style=\"font-weight: 400;\"> \u00a0\u00a0\u00a0\u00a0\u00a0\u00a0\u00a0\u00a0<strong>Estrategia<\/strong><\/span><\/li>\n<li><span style=\"font-weight: 400;\"> \u00a0\u00a0\u00a0\u00a0\u00a0\u00a0\u00a0\u00a0<strong>Visibilidad:<\/strong> \u201ctalento no mostrado, es talento desperdiciado\u201d.<\/span><\/li>\n<\/ul>\n<p><span style=\"font-weight: 400;\">Debemos definir cu\u00e1l es la propuesta de valor, qu\u00e9 ofrecemos que sea valioso, destacando el capital humano que lo acompa\u00f1a: poder ser conocido por la propuesta de valor y las cualidades que \u00a0nos distinguen.<\/span><\/p>\n<p><span style=\"font-weight: 400;\">Pasos para la construcci\u00f3n de la marca personal:<\/span><\/p>\n<ul>\n<li><span style=\"font-weight: 400;\"> \u00a0\u00a0\u00a0\u00a0\u00a0\u00a0\u00a0\u00a0Lo primero: qui\u00e9n soy, mi <\/span><b>personalidad<\/b><span style=\"font-weight: 400;\"> \u00bfQui\u00e9n soy? Alinear la actitud y la causa.<\/span><\/li>\n<li><span style=\"font-weight: 400;\"> \u00a0\u00a0\u00a0\u00a0\u00a0\u00a0\u00a0\u00a0Lo siguiente es el<\/span><b> prop\u00f3sito<\/b><span style=\"font-weight: 400;\"> \u00bfQu\u00e9 quiero? Qu\u00e9 aporto a los dem\u00e1s que aporte valor. \u00a0La misi\u00f3n no puede ser algo que no aporte a lo dem\u00e1s porque no se sostiene en el tiempo.<\/span><\/li>\n<li><span style=\"font-weight: 400;\"> \u00a0\u00a0\u00a0\u00a0\u00a0\u00a0\u00a0\u00a0<\/span><b>Propiedades<\/b><span style=\"font-weight: 400;\"> \u00bfQu\u00e9 tengo? Buscar la diferencia, la combinaci\u00f3n de competencias, mis habilidades, mi conocimiento, actitud \u00a0y mi pasi\u00f3n\u2026 para lograr ser valorados por eso.<\/span><\/li>\n<li><span style=\"font-weight: 400;\"> \u00a0\u00a0\u00a0\u00a0\u00a0\u00a0\u00a0\u00a0<\/span><b>Producto<\/b><span style=\"font-weight: 400;\"> \u00bfQu\u00e9 ofrezco? Tener clara cual es mi oferta.<\/span><\/li>\n<li><span style=\"font-weight: 400;\"> \u00a0\u00a0\u00a0\u00a0\u00a0\u00a0\u00a0\u00a0<\/span><b>P\u00fablico<\/b><span style=\"font-weight: 400;\"> \u00bfA qui\u00e9n le hablo? \u00bfQui\u00e9n me rodea? Encontrar a qui\u00e9n le hablamos, m\u00e1s all\u00e1 de a quien le quiero vender, interactuar con colegas, buscar mentores, la competencia\u2026 conocer y hablarles a todos ellos, no enfocarse solo en el mercado.<\/span><\/li>\n<li><span style=\"font-weight: 400;\"> \u00a0\u00a0\u00a0\u00a0\u00a0\u00a0\u00a0\u00a0<\/span><b>Reputaci\u00f3n<\/b><span style=\"font-weight: 400;\"> \u00bfqu\u00e9 me distingue? Buscamos tener un prestigio. La marca personal es el resultado de las estrategias que emprend\u00ed, y su resultado es el prestigio, lo que van a decir de vos.<\/span><\/li>\n<li><span style=\"font-weight: 400;\"> \u00a0\u00a0\u00a0\u00a0\u00a0\u00a0\u00a0\u00a0<\/span><b>Promoci\u00f3n <\/b><span style=\"font-weight: 400;\">\u00bfC\u00f3mo me doy a conocer? Blog, web, networking, redes\u2026 no sirve de nada desarrollar mi marca si no la doy a conocer.<\/span><\/li>\n<li><span style=\"font-weight: 400;\"> \u00a0\u00a0\u00a0\u00a0\u00a0\u00a0\u00a0\u00a0Lo que buscamos es <\/span><b>Presencia<\/b><span style=\"font-weight: 400;\"> \u00bfQu\u00e9 imagen doy?<\/span><\/li>\n<\/ul>\n<p><span style=\"font-weight: 400;\">Se trata de construir un todo con cada elemento de nuestra comunicaci\u00f3n. Si lo podemos controlar estamos m\u00e1s c\u00f3modas al saber qu\u00e9 estamos transmitiendo.<\/span><\/p>\n","protected":false},"excerpt":{"rendered":"<p>Mariani SG presente en los Desayunos de OCIO \u00a0\u00a0\u00a0\u00a0 D\u00edas atr\u00e1s tuvo lugar un nuevo encuentro propiciado por la Revista OCIO, un desayuno que reuni\u00f3 a mujeres emprendedoras y empresarias [&hellip;]<\/p>\n","protected":false},"author":1,"featured_media":1110,"comment_status":"open","ping_status":"open","sticky":false,"template":"","format":"standard","meta":{"footnotes":""},"categories":[5],"tags":[],"_links":{"self":[{"href":"https:\/\/www.marianisg.com.ar\/blog\/wp-json\/wp\/v2\/posts\/1109"}],"collection":[{"href":"https:\/\/www.marianisg.com.ar\/blog\/wp-json\/wp\/v2\/posts"}],"about":[{"href":"https:\/\/www.marianisg.com.ar\/blog\/wp-json\/wp\/v2\/types\/post"}],"author":[{"embeddable":true,"href":"https:\/\/www.marianisg.com.ar\/blog\/wp-json\/wp\/v2\/users\/1"}],"replies":[{"embeddable":true,"href":"https:\/\/www.marianisg.com.ar\/blog\/wp-json\/wp\/v2\/comments?post=1109"}],"version-history":[{"count":2,"href":"https:\/\/www.marianisg.com.ar\/blog\/wp-json\/wp\/v2\/posts\/1109\/revisions"}],"predecessor-version":[{"id":1114,"href":"https:\/\/www.marianisg.com.ar\/blog\/wp-json\/wp\/v2\/posts\/1109\/revisions\/1114"}],"wp:featuredmedia":[{"embeddable":true,"href":"https:\/\/www.marianisg.com.ar\/blog\/wp-json\/wp\/v2\/media\/1110"}],"wp:attachment":[{"href":"https:\/\/www.marianisg.com.ar\/blog\/wp-json\/wp\/v2\/media?parent=1109"}],"wp:term":[{"taxonomy":"category","embeddable":true,"href":"https:\/\/www.marianisg.com.ar\/blog\/wp-json\/wp\/v2\/categories?post=1109"},{"taxonomy":"post_tag","embeddable":true,"href":"https:\/\/www.marianisg.com.ar\/blog\/wp-json\/wp\/v2\/tags?post=1109"}],"curies":[{"name":"wp","href":"https:\/\/api.w.org\/{rel}","templated":true}]}}