{"id":1167,"date":"2019-01-25T21:59:25","date_gmt":"2019-01-25T21:59:25","guid":{"rendered":"https:\/\/www.marianisg.com.ar\/blog\/?p=1167"},"modified":"2019-01-30T19:07:41","modified_gmt":"2019-01-30T19:07:41","slug":"ensalada-cesar-un-clasico-de-verano","status":"publish","type":"post","link":"https:\/\/www.marianisg.com.ar\/blog\/2019\/01\/ensalada-cesar-un-clasico-de-verano\/","title":{"rendered":"Ensalada C\u00e9sar. Un cl\u00e1sico de verano."},"content":{"rendered":"\n<p>Una ensalada cl\u00e1sica, ideal para disfrutar en casa&#8230;y si es en el entorno de los eventos corporativos es una excelente opci\u00f3n dentro de los almuerzos empresariales para jornadas.<\/p>\n\n\n\n<p>El  verano es ideal para probar men\u00fas frescos y sabrosos. Te dejamos nuestra receta de la ensalada C\u00e9sar, una opci\u00f3n deliciosa para los d\u00edas de calor. <\/p>\n\n\n\n<p>Para dos o tres porciones:<\/p>\n\n\n\n<p><strong>Ingredientes<\/strong><br>&#8211; Pan de molde; 2 &nbsp;tostadas por porci\u00f3n<br>&#8211; Pechugas de pollo; \u00bc pechuga por porci\u00f3n<\/p>\n\n\n\n<p>&#8211; Hojas verdes: variedad de lechugas, radicheta;<br>&#8211; Queso rallado;<\/p>\n\n\n\n<p>-Oliva y lim\u00f3n;<\/p>\n\n\n\n<p>-Aderezo Cesar.<\/p>\n\n\n\n<figure class=\"wp-block-image is-resized\"><img loading=\"lazy\" decoding=\"async\" src=\"https:\/\/www.marianisg.com.ar\/blog\/wp-content\/uploads\/2019\/01\/WhatsApp-Image-2019-01-25-at-18.29.05-1-371x494.jpeg\" alt=\"\" class=\"wp-image-1173\" width=\"296\" height=\"394\" srcset=\"https:\/\/www.marianisg.com.ar\/blog\/wp-content\/uploads\/2019\/01\/WhatsApp-Image-2019-01-25-at-18.29.05-1-371x494.jpeg 371w, https:\/\/www.marianisg.com.ar\/blog\/wp-content\/uploads\/2019\/01\/WhatsApp-Image-2019-01-25-at-18.29.05-1-216x288.jpeg 216w, https:\/\/www.marianisg.com.ar\/blog\/wp-content\/uploads\/2019\/01\/WhatsApp-Image-2019-01-25-at-18.29.05-1-768x1024.jpeg 768w, https:\/\/www.marianisg.com.ar\/blog\/wp-content\/uploads\/2019\/01\/WhatsApp-Image-2019-01-25-at-18.29.05-1-750x1000.jpeg 750w, https:\/\/www.marianisg.com.ar\/blog\/wp-content\/uploads\/2019\/01\/WhatsApp-Image-2019-01-25-at-18.29.05-1.jpeg 960w\" sizes=\"(max-width: 296px) 100vw, 296px\" \/><figcaption>Ingredientes<\/figcaption><\/figure>\n\n\n\n<p><br><strong>Aderezo Cesa<\/strong>r: ( 2 a 3 porciones)<br>-1 huevo;<br>-100cc de &nbsp;aceite de girasol;<br>-1 anchoa;<br>-\u00bd &nbsp;cucharadita de alcaparra;<br>-5gr sal<br>-\u00bd diente de ajo; <br>-unas gotas de jugo de lim\u00f3n; <br>-una pizca de pimienta;<br><br><strong>\u00bfC\u00f3mo preparar el aderezo?<\/strong><\/p>\n\n\n\n<p>El aderezo se prepara como una mayonesa casera: poner en el vaso de la mezcladora el huevo, sal, pimienta, lim\u00f3n, anchoa, ajo y alcaparra e ir incorporando el aceite de a poco, de manera constante mientras se mezcla con minipimer o batidor manual. <br><\/p>\n\n\n\n<p><strong>El paso a paso de la ensalada<\/strong><\/p>\n\n\n\n<p>Para preparar la ensalada, lo primero es tostar el pan. Cortalo en cubos o tiras y ponelo al horno por 8, 10 minutos con un poco de aceite de oliva y sal. Una vez que los cubos est\u00e9n secos, est\u00e1 listo.<\/p>\n\n\n\n<p>Cortar las pechugas de pollo en tiras y cocinar  a la plancha a gusto.<\/p>\n\n\n\n<figure class=\"wp-block-image is-resized\"><img loading=\"lazy\" decoding=\"async\" src=\"https:\/\/www.marianisg.com.ar\/blog\/wp-content\/uploads\/2019\/01\/WhatsApp-Image-2019-01-25-at-18.29.07-1-1-371x494.jpeg\" alt=\"\" class=\"wp-image-1172\" width=\"166\" height=\"221\" srcset=\"https:\/\/www.marianisg.com.ar\/blog\/wp-content\/uploads\/2019\/01\/WhatsApp-Image-2019-01-25-at-18.29.07-1-1-371x494.jpeg 371w, https:\/\/www.marianisg.com.ar\/blog\/wp-content\/uploads\/2019\/01\/WhatsApp-Image-2019-01-25-at-18.29.07-1-1-216x288.jpeg 216w, https:\/\/www.marianisg.com.ar\/blog\/wp-content\/uploads\/2019\/01\/WhatsApp-Image-2019-01-25-at-18.29.07-1-1-768x1024.jpeg 768w, https:\/\/www.marianisg.com.ar\/blog\/wp-content\/uploads\/2019\/01\/WhatsApp-Image-2019-01-25-at-18.29.07-1-1-750x1000.jpeg 750w, https:\/\/www.marianisg.com.ar\/blog\/wp-content\/uploads\/2019\/01\/WhatsApp-Image-2019-01-25-at-18.29.07-1-1.jpeg 960w\" sizes=\"(max-width: 166px) 100vw, 166px\" \/><\/figure>\n\n\n\n<p>Sobre un colch\u00f3n de hojas verdes, previamente lavadas incorporar pan, pollo y queso. Condimentar con aceite, oliva y lim\u00f3n. Finalmente, incorporamos el aderezo Cesar y a disfrutar!<br><\/p>\n","protected":false},"excerpt":{"rendered":"<p>Una ensalada cl\u00e1sica, ideal para disfrutar en casa&#8230;y si es en el entorno de los eventos corporativos es una excelente opci\u00f3n dentro de los almuerzos empresariales para jornadas. El verano [&hellip;]<\/p>\n","protected":false},"author":1,"featured_media":1170,"comment_status":"open","ping_status":"open","sticky":false,"template":"","format":"standard","meta":{"footnotes":""},"categories":[109,6],"tags":[11,311,309,308,184],"_links":{"self":[{"href":"https:\/\/www.marianisg.com.ar\/blog\/wp-json\/wp\/v2\/posts\/1167"}],"collection":[{"href":"https:\/\/www.marianisg.com.ar\/blog\/wp-json\/wp\/v2\/posts"}],"about":[{"href":"https:\/\/www.marianisg.com.ar\/blog\/wp-json\/wp\/v2\/types\/post"}],"author":[{"embeddable":true,"href":"https:\/\/www.marianisg.com.ar\/blog\/wp-json\/wp\/v2\/users\/1"}],"replies":[{"embeddable":true,"href":"https:\/\/www.marianisg.com.ar\/blog\/wp-json\/wp\/v2\/comments?post=1167"}],"version-history":[{"count":3,"href":"https:\/\/www.marianisg.com.ar\/blog\/wp-json\/wp\/v2\/posts\/1167\/revisions"}],"predecessor-version":[{"id":1176,"href":"https:\/\/www.marianisg.com.ar\/blog\/wp-json\/wp\/v2\/posts\/1167\/revisions\/1176"}],"wp:featuredmedia":[{"embeddable":true,"href":"https:\/\/www.marianisg.com.ar\/blog\/wp-json\/wp\/v2\/media\/1170"}],"wp:attachment":[{"href":"https:\/\/www.marianisg.com.ar\/blog\/wp-json\/wp\/v2\/media?parent=1167"}],"wp:term":[{"taxonomy":"category","embeddable":true,"href":"https:\/\/www.marianisg.com.ar\/blog\/wp-json\/wp\/v2\/categories?post=1167"},{"taxonomy":"post_tag","embeddable":true,"href":"https:\/\/www.marianisg.com.ar\/blog\/wp-json\/wp\/v2\/tags?post=1167"}],"curies":[{"name":"wp","href":"https:\/\/api.w.org\/{rel}","templated":true}]}}