{"id":196,"date":"2011-11-29T15:45:47","date_gmt":"2011-11-29T15:45:47","guid":{"rendered":"http:\/\/www.marianisg.com.ar\/blog\/?p=196"},"modified":"2012-04-30T03:48:25","modified_gmt":"2012-04-30T03:48:25","slug":"fiestas-tematicas-suple-mujeres-al-dia-2611","status":"publish","type":"post","link":"https:\/\/www.marianisg.com.ar\/blog\/2011\/11\/fiestas-tematicas-suple-mujeres-al-dia-2611\/","title":{"rendered":"Fiestas Tem\u00e1ticas (Suple Mujeres al D\u00eda 26\/11)"},"content":{"rendered":"<p><strong>Fiestas Tem\u00e1ticas<\/strong><\/p>\n<p>Armar una fiesta tem\u00e1tica es una forma de salir de la rutina de las juntadas entre amigos o una excelente opci\u00f3n para festejar un cumplea\u00f1os, despedidas, despedir el a\u00f1o, cumplea\u00f1os infantiles.<br \/>\nMuchos son los temas que podemos plantear para una fiesta:<\/p>\n<p>De Colores: Blanca, Blanco y Negro,, Rojo, Verde.<br \/>\nDe Lugares: Mexicana, Brasilera, Ind\u00fa.<br \/>\nDe Fechas: Fin de A\u00f1o, Navidad, Halloween.<br \/>\nDe Disfraces: S\u00faper H\u00e9roes, Disco, Ochentosa, Patria.<\/p>\n<p>Independientemente del tema que elijas para tu fiesta repasemos que debemos tener en cuenta para armarla:<\/p>\n<p><strong>Tiempo<\/strong><\/p>\n<p>Para organizar una fiesta tem\u00e1tica siempre es aconsejable hacerlo con tiempo. As\u00ed le damos a nuestros invitados m\u00e1s t\u00edmidos el tiempo de convencerse, a los m\u00e1s ocupados, lugar en su agenda y para que nuestros invitados m\u00e1s sociables convenzan a los menos de sumarse.<\/p>\n<p><strong>Invitaciones<\/strong><\/p>\n<p>Aqu\u00ed tenemos que ser creativos para adem\u00e1s de transmitir en ellas el concepto del evento, contagiarlo y generar en el invitado que se empiece a imaginar en la fiesta.<br \/>\nDebemos reforzar con llamados telef\u00f3nicos, mensajes de textos, cadenas de e-mails, nada est\u00e1 de m\u00e1s para garantizar asistencia.<br \/>\nLa vestimenta que queremos de nuestros invitados conocida como: Dress Code debe estar muy claramente expresada en la invitaci\u00f3n y es uno de los principales factores a mencionar al momento de reforzar la invitaci\u00f3n por cualquier medio.<\/p>\n<p><strong>El Men\u00fa<\/strong><\/p>\n<p>Siempre va de la mano del tema de la fiesta, pero pongamos especial atenci\u00f3n en dos puntos:<\/p>\n<ol>\n<li>Detalles: Peque\u00f1os detalles en el men\u00fa grabar\u00e1n a fuego el momento en nuestro invitados: Por ejemplo si es una fiesta blanca, que todos los bocaditos tenga un ingrediente blanco. En una fiesta brasilera que se preparen los tragos con limas verdes. La vestimenta del Personal del Catering.<\/li>\n<li>Salida de Emergencia al men\u00fa: no podemos dejar afuera a los que no gustan de ciertas costumbre por lo que en el men\u00fa tenemos que incluir alg\u00fan elemento de gusto com\u00fan aunque salga del concepto y conceptualizando desde el color o la presentaci\u00f3n. Tambi\u00e9n tener en cuenta que los tragos de colores son excelentes detalles de ambientaci\u00f3n pero que si nuestra fiesta es en C\u00f3rdoba no puede faltar Fernet con Cola.<\/li>\n<\/ol>\n<p><strong>Ambientaci\u00f3n<\/strong><\/p>\n<p>No importa si es un sal\u00f3n, quincho, casa o patio, tampoco el presupuesto ya que con un poco de creatividad podemos poner a tono con nuestra tem\u00e1tica cualquier ambiente. Tenemos que valernos de todos los elementos posibles, plantas, luces, mobiliarios, telas, piedras, agua, todo puede ser parte de nuestro decorado.<\/p>\n<p><strong>Fotograf\u00eda<\/strong><\/p>\n<p>En una ocasi\u00f3n en que nuestros invitados se tomaron el trabajo de producir disfraces o de buscar ropa acorde a la tem\u00e1tica una foto de ellos mismos en la fiesta se convierte en algo que le suma valor al evento. Para esto podemos destinar un lugar especialmente preparado con este fin a la entrada para hacer fotos en la entrada, en este lugar podemos tener elementos de acuerdo a la tem\u00e1tica para ayudar en las fotos como m\u00e1scaras, bastones, capas, sombreros, todo ayuda. Si el presupuesto no alcanza para un fot\u00f3grafo podemos hacerlo con una c\u00e1mara casera y un voluntario. El momento y el reconocimiento al esfuerzo de la producci\u00f3n es lo que cuenta. Despu\u00e9s podemos imprimir las fotos y que se las lleven en el mismo evento o mandarlas por mail.<\/p>\n<p>&nbsp;<\/p>\n<p>Las fiestas tem\u00e1ticas tienen como condimento una mayor predisposici\u00f3n de los asistentes a pasarla bien y soltarse m\u00e1s esto lo hace memorable y es el mejor pago al esfuerzo que invertimos en la organizaci\u00f3n.<\/p>\n<p>REF: Nota publicada en el Suplemento Mujeres al D\u00eda del Diario D\u00eda a D\u00eda.<\/p>\n","protected":false},"excerpt":{"rendered":"<p>Fiestas Tem\u00e1ticas Armar una fiesta tem\u00e1tica es una forma de salir de la rutina de las juntadas entre amigos o una excelente opci\u00f3n para festejar un cumplea\u00f1os, despedidas, despedir el [&hellip;]<\/p>\n","protected":false},"author":1,"featured_media":0,"comment_status":"open","ping_status":"open","sticky":false,"template":"","format":"standard","meta":{"footnotes":""},"categories":[3],"tags":[23,30,13,7],"_links":{"self":[{"href":"https:\/\/www.marianisg.com.ar\/blog\/wp-json\/wp\/v2\/posts\/196"}],"collection":[{"href":"https:\/\/www.marianisg.com.ar\/blog\/wp-json\/wp\/v2\/posts"}],"about":[{"href":"https:\/\/www.marianisg.com.ar\/blog\/wp-json\/wp\/v2\/types\/post"}],"author":[{"embeddable":true,"href":"https:\/\/www.marianisg.com.ar\/blog\/wp-json\/wp\/v2\/users\/1"}],"replies":[{"embeddable":true,"href":"https:\/\/www.marianisg.com.ar\/blog\/wp-json\/wp\/v2\/comments?post=196"}],"version-history":[{"count":5,"href":"https:\/\/www.marianisg.com.ar\/blog\/wp-json\/wp\/v2\/posts\/196\/revisions"}],"predecessor-version":[{"id":199,"href":"https:\/\/www.marianisg.com.ar\/blog\/wp-json\/wp\/v2\/posts\/196\/revisions\/199"}],"wp:attachment":[{"href":"https:\/\/www.marianisg.com.ar\/blog\/wp-json\/wp\/v2\/media?parent=196"}],"wp:term":[{"taxonomy":"category","embeddable":true,"href":"https:\/\/www.marianisg.com.ar\/blog\/wp-json\/wp\/v2\/categories?post=196"},{"taxonomy":"post_tag","embeddable":true,"href":"https:\/\/www.marianisg.com.ar\/blog\/wp-json\/wp\/v2\/tags?post=196"}],"curies":[{"name":"wp","href":"https:\/\/api.w.org\/{rel}","templated":true}]}}