{"id":583,"date":"2012-09-25T14:47:29","date_gmt":"2012-09-25T14:47:29","guid":{"rendered":"http:\/\/www.marianisg.com.ar\/blog\/?p=583"},"modified":"2012-09-25T18:43:15","modified_gmt":"2012-09-25T18:43:15","slug":"capacitacion-regam-pilay","status":"publish","type":"post","link":"https:\/\/www.marianisg.com.ar\/blog\/2012\/09\/capacitacion-regam-pilay\/","title":{"rendered":"Capacitaci\u00f3n Regam Pilay"},"content":{"rendered":"<p>Mariani SG cuenta con experiencia en organizaci\u00f3n de eventos empresariales, capacitaciones e inauguraciones entre otros.<\/p>\n<p>En esta ocasi\u00f3n preparamos un desayuno empresarial para Regam Pilay.<\/p>\n<p><a href=\"http:\/\/www.marianisg.com.ar\/blog\/wp-content\/uploads\/2012\/09\/Regam1.jpg\"><img loading=\"lazy\" decoding=\"async\" class=\"alignnone size-medium wp-image-586\" title=\"Regam Pilay\" src=\"http:\/\/www.marianisg.com.ar\/blog\/wp-content\/uploads\/2012\/09\/Regam1-300x225.jpg\" alt=\"\" width=\"300\" height=\"225\" srcset=\"https:\/\/www.marianisg.com.ar\/blog\/wp-content\/uploads\/2012\/09\/Regam1-300x225.jpg 300w, https:\/\/www.marianisg.com.ar\/blog\/wp-content\/uploads\/2012\/09\/Regam1.jpg 622w\" sizes=\"(max-width: 300px) 100vw, 300px\" \/><\/a><br \/>\nSe llev\u00f3 a cabo en el sal\u00f3n de eventos de la empresa en Nueva C\u00f3rdoba.<br \/>\nEl servicio const\u00f3 de un desayuno con facturas, medialunas, masas secas, caf\u00e9, t\u00e9 y jugo de naranja. Esta es una de las opciones de coffee de la gamma de eventos empresarial de Mariani SG.<\/p>\n<p><a href=\"http:\/\/www.marianisg.com.ar\/blog\/wp-content\/uploads\/2012\/09\/Regam2.jpg\"><img loading=\"lazy\" decoding=\"async\" class=\"alignnone size-medium wp-image-585\" title=\"Regam Pilay 2\" src=\"http:\/\/www.marianisg.com.ar\/blog\/wp-content\/uploads\/2012\/09\/Regam2-300x225.jpg\" alt=\"\" width=\"300\" height=\"225\" srcset=\"https:\/\/www.marianisg.com.ar\/blog\/wp-content\/uploads\/2012\/09\/Regam2-300x225.jpg 300w, https:\/\/www.marianisg.com.ar\/blog\/wp-content\/uploads\/2012\/09\/Regam2.jpg 622w\" sizes=\"(max-width: 300px) 100vw, 300px\" \/><\/a><\/p>\n<p><a href=\"http:\/\/www.marianisg.com.ar\/blog\/wp-content\/uploads\/2012\/09\/Regam3.jpg\"><img loading=\"lazy\" decoding=\"async\" class=\"alignnone size-medium wp-image-584\" title=\"Regam Pilay 3\" src=\"http:\/\/www.marianisg.com.ar\/blog\/wp-content\/uploads\/2012\/09\/Regam3-300x225.jpg\" alt=\"\" width=\"300\" height=\"225\" srcset=\"https:\/\/www.marianisg.com.ar\/blog\/wp-content\/uploads\/2012\/09\/Regam3-300x225.jpg 300w, https:\/\/www.marianisg.com.ar\/blog\/wp-content\/uploads\/2012\/09\/Regam3.jpg 622w\" sizes=\"(max-width: 300px) 100vw, 300px\" \/><\/a><\/p>\n","protected":false},"excerpt":{"rendered":"<p>Mariani SG cuenta con experiencia en organizaci\u00f3n de eventos empresariales, capacitaciones e inauguraciones entre otros. En esta ocasi\u00f3n preparamos un desayuno empresarial para Regam Pilay. Se llev\u00f3 a cabo en [&hellip;]<\/p>\n","protected":false},"author":1,"featured_media":586,"comment_status":"open","ping_status":"open","sticky":false,"template":"","format":"standard","meta":{"footnotes":""},"categories":[5],"tags":[11,42,184],"_links":{"self":[{"href":"https:\/\/www.marianisg.com.ar\/blog\/wp-json\/wp\/v2\/posts\/583"}],"collection":[{"href":"https:\/\/www.marianisg.com.ar\/blog\/wp-json\/wp\/v2\/posts"}],"about":[{"href":"https:\/\/www.marianisg.com.ar\/blog\/wp-json\/wp\/v2\/types\/post"}],"author":[{"embeddable":true,"href":"https:\/\/www.marianisg.com.ar\/blog\/wp-json\/wp\/v2\/users\/1"}],"replies":[{"embeddable":true,"href":"https:\/\/www.marianisg.com.ar\/blog\/wp-json\/wp\/v2\/comments?post=583"}],"version-history":[{"count":3,"href":"https:\/\/www.marianisg.com.ar\/blog\/wp-json\/wp\/v2\/posts\/583\/revisions"}],"predecessor-version":[{"id":588,"href":"https:\/\/www.marianisg.com.ar\/blog\/wp-json\/wp\/v2\/posts\/583\/revisions\/588"}],"wp:featuredmedia":[{"embeddable":true,"href":"https:\/\/www.marianisg.com.ar\/blog\/wp-json\/wp\/v2\/media\/586"}],"wp:attachment":[{"href":"https:\/\/www.marianisg.com.ar\/blog\/wp-json\/wp\/v2\/media?parent=583"}],"wp:term":[{"taxonomy":"category","embeddable":true,"href":"https:\/\/www.marianisg.com.ar\/blog\/wp-json\/wp\/v2\/categories?post=583"},{"taxonomy":"post_tag","embeddable":true,"href":"https:\/\/www.marianisg.com.ar\/blog\/wp-json\/wp\/v2\/tags?post=583"}],"curies":[{"name":"wp","href":"https:\/\/api.w.org\/{rel}","templated":true}]}}